{"id":17821,"date":"2025-03-18T13:28:13","date_gmt":"2025-03-18T13:28:13","guid":{"rendered":"https:\/\/www.kalina-gallery.cz\/?p=17821"},"modified":"2025-09-23T12:10:36","modified_gmt":"2025-09-23T12:10:36","slug":"vernisaz-vystavy-ondrash-kasparek-hladina-linie-dech","status":"publish","type":"post","link":"https:\/\/www.kalina-gallery.cz\/en\/vernisaz-vystavy-ondrash-kasparek-hladina-linie-dech\/","title":{"rendered":"vernis\u00e1\u017e v\u00fdstavy  Ondrash &#038; Ka\u0161p\u00e1rek &#8222;Hladina Linie Dech&#8220;"},"content":{"rendered":"<div data-elementor-type=\"wp-post\" data-elementor-id=\"17821\" class=\"elementor elementor-17821\" data-elementor-post-type=\"post\">\n\t\t\t\t\t\t<section class=\"elementor-section elementor-top-section elementor-element elementor-element-8a7b5f2 elementor-section-boxed elementor-section-height-default elementor-section-height-default qodef-elementor-content-no qodef-elementor-stretch-row-no qodef-elementor-overlay-no\" data-id=\"8a7b5f2\" data-element_type=\"section\" data-e-type=\"section\">\n\t\t\t\t\t\t<div class=\"elementor-container elementor-column-gap-default\">\n\t\t\t\t\t<div class=\"elementor-column elementor-col-100 elementor-top-column elementor-element elementor-element-9c81dab\" data-id=\"9c81dab\" data-element_type=\"column\" data-e-type=\"column\">\n\t\t\t<div class=\"elementor-widget-wrap elementor-element-populated\">\n\t\t\t\t\t\t<div class=\"elementor-element elementor-element-eee6d58 elementor-widget elementor-widget-html\" data-id=\"eee6d58\" data-element_type=\"widget\" data-e-type=\"widget\" data-widget_type=\"html.default\">\n\t\t\t\t<div class=\"elementor-widget-container\">\n\t\t\t\t\t<div style=\"padding:56.25% 0 0 0;position:relative;\"><iframe data-src=\"https:\/\/player.vimeo.com\/video\/1064088933?badge=0&amp;autopause=0&amp;player_id=0&amp;app_id=58479\" frameborder=\"0\" allow=\"autoplay; fullscreen; picture-in-picture; clipboard-write; encrypted-media\" style=\"position:absolute;top:0;left:0;width:100%;height:100%;\" title=\"Hladina linie\" src=\"data:image\/svg+xml;base64,PHN2ZyB3aWR0aD0iMSIgaGVpZ2h0PSIxIiB4bWxucz0iaHR0cDovL3d3dy53My5vcmcvMjAwMC9zdmciPjwvc3ZnPg==\" class=\"lazyload\" data-load-mode=\"1\"><\/iframe><\/div><script src=\"https:\/\/player.vimeo.com\/api\/player.js\"><\/script>\t\t\t\t<\/div>\n\t\t\t\t<\/div>\n\t\t\t\t\t<\/div>\n\t\t<\/div>\n\t\t\t\t\t<\/div>\n\t\t<\/section>\n\t\t\t\t<\/div>","protected":false},"excerpt":{"rendered":"","protected":false},"author":2,"featured_media":17822,"comment_status":"closed","ping_status":"open","sticky":false,"template":"elementor_header_footer","format":"standard","meta":{"inline_featured_image":false,"iawp_total_views":161,"footnotes":""},"categories":[19],"tags":[119],"class_list":["post-17821","post","type-post","status-publish","format-standard","has-post-thumbnail","hentry","category-video","tag-aktuality"],"yoast_head":"<!-- This site is optimized with the Yoast SEO plugin v27.2 - https:\/\/yoast.com\/product\/yoast-seo-wordpress\/ -->\n<title>vernis\u00e1\u017e v\u00fdstavy Ondrash &amp; Ka\u0161p\u00e1rek &quot;Hladina Linie Dech&quot; &#8212; Kalina Gallery<\/title>\n<meta name=\"robots\" content=\"noindex, follow\" \/>\n<meta property=\"og:locale\" content=\"en_US\" \/>\n<meta property=\"og:type\" content=\"article\" \/>\n<meta property=\"og:title\" content=\"vernis\u00e1\u017e v\u00fdstavy Ondrash &amp; Ka\u0161p\u00e1rek &quot;Hladina Linie Dech&quot; &#8212; Kalina Gallery\" \/>\n<meta property=\"og:url\" content=\"https:\/\/www.kalina-gallery.cz\/en\/vernisaz-vystavy-ondrash-kasparek-hladina-linie-dech\/\" \/>\n<meta property=\"og:site_name\" content=\"Kalina Gallery\" \/>\n<meta property=\"article:publisher\" content=\"https:\/\/www.facebook.com\/Kalina-Gallery-240711577897794\/\" \/>\n<meta property=\"article:published_time\" content=\"2025-03-18T13:28:13+00:00\" \/>\n<meta property=\"article:modified_time\" content=\"2025-09-23T12:10:36+00:00\" \/>\n<meta property=\"og:image\" content=\"https:\/\/www.kalina-gallery.cz\/wp-content\/uploads\/2025\/03\/Snimek-obrazovky-2025-03-18-140105.jpg\" \/>\n\t<meta property=\"og:image:width\" content=\"1714\" \/>\n\t<meta property=\"og:image:height\" content=\"1173\" \/>\n\t<meta property=\"og:image:type\" content=\"image\/jpeg\" \/>\n<meta name=\"author\" content=\"Kalina Gallery\" \/>\n<meta name=\"twitter:card\" content=\"summary_large_image\" \/>\n<meta name=\"twitter:label1\" content=\"Written by\" \/>\n\t<meta name=\"twitter:data1\" content=\"Kalina Gallery\" \/>\n<script type=\"application\/ld+json\" class=\"yoast-schema-graph\">{\"@context\":\"https:\/\/schema.org\",\"@graph\":[{\"@type\":\"Article\",\"@id\":\"https:\/\/www.kalina-gallery.cz\/vernisaz-vystavy-ondrash-kasparek-hladina-linie-dech\/#article\",\"isPartOf\":{\"@id\":\"https:\/\/www.kalina-gallery.cz\/vernisaz-vystavy-ondrash-kasparek-hladina-linie-dech\/\"},\"author\":{\"name\":\"Kalina Gallery\",\"@id\":\"https:\/\/www.kalina-gallery.cz\/#\/schema\/person\/5c2900c309d5cd63e8c9392a772d4bd8\"},\"headline\":\"vernis\u00e1\u017e v\u00fdstavy Ondrash &#038; Ka\u0161p\u00e1rek &#8222;Hladina Linie Dech&#8220;\",\"datePublished\":\"2025-03-18T13:28:13+00:00\",\"dateModified\":\"2025-09-23T12:10:36+00:00\",\"mainEntityOfPage\":{\"@id\":\"https:\/\/www.kalina-gallery.cz\/vernisaz-vystavy-ondrash-kasparek-hladina-linie-dech\/\"},\"wordCount\":10,\"publisher\":{\"@id\":\"https:\/\/www.kalina-gallery.cz\/#organization\"},\"image\":{\"@id\":\"https:\/\/www.kalina-gallery.cz\/vernisaz-vystavy-ondrash-kasparek-hladina-linie-dech\/#primaryimage\"},\"thumbnailUrl\":\"https:\/\/www.kalina-gallery.cz\/wp-content\/uploads\/2025\/03\/Snimek-obrazovky-2025-03-18-140105.jpg\",\"keywords\":[\"aktuality\"],\"articleSection\":[\"Video\"],\"inLanguage\":\"en-US\"},{\"@type\":\"WebPage\",\"@id\":\"https:\/\/www.kalina-gallery.cz\/vernisaz-vystavy-ondrash-kasparek-hladina-linie-dech\/\",\"url\":\"https:\/\/www.kalina-gallery.cz\/vernisaz-vystavy-ondrash-kasparek-hladina-linie-dech\/\",\"name\":\"vernis\u00e1\u017e v\u00fdstavy Ondrash & Ka\u0161p\u00e1rek \\\"Hladina Linie Dech\\\" &#8212; Kalina Gallery\",\"isPartOf\":{\"@id\":\"https:\/\/www.kalina-gallery.cz\/#website\"},\"primaryImageOfPage\":{\"@id\":\"https:\/\/www.kalina-gallery.cz\/vernisaz-vystavy-ondrash-kasparek-hladina-linie-dech\/#primaryimage\"},\"image\":{\"@id\":\"https:\/\/www.kalina-gallery.cz\/vernisaz-vystavy-ondrash-kasparek-hladina-linie-dech\/#primaryimage\"},\"thumbnailUrl\":\"https:\/\/www.kalina-gallery.cz\/wp-content\/uploads\/2025\/03\/Snimek-obrazovky-2025-03-18-140105.jpg\",\"datePublished\":\"2025-03-18T13:28:13+00:00\",\"dateModified\":\"2025-09-23T12:10:36+00:00\",\"breadcrumb\":{\"@id\":\"https:\/\/www.kalina-gallery.cz\/vernisaz-vystavy-ondrash-kasparek-hladina-linie-dech\/#breadcrumb\"},\"inLanguage\":\"en-US\",\"potentialAction\":[{\"@type\":\"ReadAction\",\"target\":[\"https:\/\/www.kalina-gallery.cz\/vernisaz-vystavy-ondrash-kasparek-hladina-linie-dech\/\"]}]},{\"@type\":\"ImageObject\",\"inLanguage\":\"en-US\",\"@id\":\"https:\/\/www.kalina-gallery.cz\/vernisaz-vystavy-ondrash-kasparek-hladina-linie-dech\/#primaryimage\",\"url\":\"https:\/\/www.kalina-gallery.cz\/wp-content\/uploads\/2025\/03\/Snimek-obrazovky-2025-03-18-140105.jpg\",\"contentUrl\":\"https:\/\/www.kalina-gallery.cz\/wp-content\/uploads\/2025\/03\/Snimek-obrazovky-2025-03-18-140105.jpg\",\"width\":1714,\"height\":1173},{\"@type\":\"BreadcrumbList\",\"@id\":\"https:\/\/www.kalina-gallery.cz\/vernisaz-vystavy-ondrash-kasparek-hladina-linie-dech\/#breadcrumb\",\"itemListElement\":[{\"@type\":\"ListItem\",\"position\":1,\"name\":\"Dom\u016f\",\"item\":\"https:\/\/www.kalina-gallery.cz\/\"},{\"@type\":\"ListItem\",\"position\":2,\"name\":\"vernis\u00e1\u017e v\u00fdstavy Ondrash &#038; Ka\u0161p\u00e1rek &#8222;Hladina Linie Dech&#8220;\"}]},{\"@type\":\"WebSite\",\"@id\":\"https:\/\/www.kalina-gallery.cz\/#website\",\"url\":\"https:\/\/www.kalina-gallery.cz\/\",\"name\":\"Kalina Gallery\",\"description\":\"V\u00fdstavn\u00ed s\u00ed\u0148 v centru Brna\",\"publisher\":{\"@id\":\"https:\/\/www.kalina-gallery.cz\/#organization\"},\"potentialAction\":[{\"@type\":\"SearchAction\",\"target\":{\"@type\":\"EntryPoint\",\"urlTemplate\":\"https:\/\/www.kalina-gallery.cz\/?s={search_term_string}\"},\"query-input\":{\"@type\":\"PropertyValueSpecification\",\"valueRequired\":true,\"valueName\":\"search_term_string\"}}],\"inLanguage\":\"en-US\"},{\"@type\":\"Organization\",\"@id\":\"https:\/\/www.kalina-gallery.cz\/#organization\",\"name\":\"Kalina Gallery\",\"url\":\"https:\/\/www.kalina-gallery.cz\/\",\"logo\":{\"@type\":\"ImageObject\",\"inLanguage\":\"en-US\",\"@id\":\"https:\/\/www.kalina-gallery.cz\/#\/schema\/logo\/image\/\",\"url\":\"https:\/\/www.kalina-gallery.cz\/wp-content\/uploads\/2021\/08\/cropped-k.png\",\"contentUrl\":\"https:\/\/www.kalina-gallery.cz\/wp-content\/uploads\/2021\/08\/cropped-k.png\",\"width\":512,\"height\":512,\"caption\":\"Kalina Gallery\"},\"image\":{\"@id\":\"https:\/\/www.kalina-gallery.cz\/#\/schema\/logo\/image\/\"},\"sameAs\":[\"https:\/\/www.facebook.com\/Kalina-Gallery-240711577897794\/\",\"https:\/\/www.instagram.com\/kalinagallery1\/\"]},{\"@type\":\"Person\",\"@id\":\"https:\/\/www.kalina-gallery.cz\/#\/schema\/person\/5c2900c309d5cd63e8c9392a772d4bd8\",\"name\":\"Kalina Gallery\",\"image\":{\"@type\":\"ImageObject\",\"inLanguage\":\"en-US\",\"@id\":\"https:\/\/secure.gravatar.com\/avatar\/8ac2aab085acb6dfe7e2e8d9d506c2672481bd13654d1e793cc1a029ee7a5460?s=96&d=mm&r=g\",\"url\":\"https:\/\/secure.gravatar.com\/avatar\/8ac2aab085acb6dfe7e2e8d9d506c2672481bd13654d1e793cc1a029ee7a5460?s=96&d=mm&r=g\",\"contentUrl\":\"https:\/\/secure.gravatar.com\/avatar\/8ac2aab085acb6dfe7e2e8d9d506c2672481bd13654d1e793cc1a029ee7a5460?s=96&d=mm&r=g\",\"caption\":\"Kalina Gallery\"}}]}<\/script>\n<!-- \/ Yoast SEO plugin. -->","yoast_head_json":{"title":"vernis\u00e1\u017e v\u00fdstavy Ondrash & Ka\u0161p\u00e1rek \"Hladina Linie Dech\" &#8212; Kalina Gallery","robots":{"index":"noindex","follow":"follow"},"og_locale":"en_US","og_type":"article","og_title":"vernis\u00e1\u017e v\u00fdstavy Ondrash & Ka\u0161p\u00e1rek \"Hladina Linie Dech\" &#8212; Kalina Gallery","og_url":"https:\/\/www.kalina-gallery.cz\/en\/vernisaz-vystavy-ondrash-kasparek-hladina-linie-dech\/","og_site_name":"Kalina Gallery","article_publisher":"https:\/\/www.facebook.com\/Kalina-Gallery-240711577897794\/","article_published_time":"2025-03-18T13:28:13+00:00","article_modified_time":"2025-09-23T12:10:36+00:00","og_image":[{"width":1714,"height":1173,"url":"https:\/\/www.kalina-gallery.cz\/wp-content\/uploads\/2025\/03\/Snimek-obrazovky-2025-03-18-140105.jpg","type":"image\/jpeg"}],"author":"Kalina Gallery","twitter_card":"summary_large_image","twitter_misc":{"Written by":"Kalina Gallery"},"schema":{"@context":"https:\/\/schema.org","@graph":[{"@type":"Article","@id":"https:\/\/www.kalina-gallery.cz\/vernisaz-vystavy-ondrash-kasparek-hladina-linie-dech\/#article","isPartOf":{"@id":"https:\/\/www.kalina-gallery.cz\/vernisaz-vystavy-ondrash-kasparek-hladina-linie-dech\/"},"author":{"name":"Kalina Gallery","@id":"https:\/\/www.kalina-gallery.cz\/#\/schema\/person\/5c2900c309d5cd63e8c9392a772d4bd8"},"headline":"vernis\u00e1\u017e v\u00fdstavy Ondrash &#038; Ka\u0161p\u00e1rek &#8222;Hladina Linie Dech&#8220;","datePublished":"2025-03-18T13:28:13+00:00","dateModified":"2025-09-23T12:10:36+00:00","mainEntityOfPage":{"@id":"https:\/\/www.kalina-gallery.cz\/vernisaz-vystavy-ondrash-kasparek-hladina-linie-dech\/"},"wordCount":10,"publisher":{"@id":"https:\/\/www.kalina-gallery.cz\/#organization"},"image":{"@id":"https:\/\/www.kalina-gallery.cz\/vernisaz-vystavy-ondrash-kasparek-hladina-linie-dech\/#primaryimage"},"thumbnailUrl":"https:\/\/www.kalina-gallery.cz\/wp-content\/uploads\/2025\/03\/Snimek-obrazovky-2025-03-18-140105.jpg","keywords":["aktuality"],"articleSection":["Video"],"inLanguage":"en-US"},{"@type":"WebPage","@id":"https:\/\/www.kalina-gallery.cz\/vernisaz-vystavy-ondrash-kasparek-hladina-linie-dech\/","url":"https:\/\/www.kalina-gallery.cz\/vernisaz-vystavy-ondrash-kasparek-hladina-linie-dech\/","name":"vernis\u00e1\u017e v\u00fdstavy Ondrash & Ka\u0161p\u00e1rek \"Hladina Linie Dech\" &#8212; Kalina Gallery","isPartOf":{"@id":"https:\/\/www.kalina-gallery.cz\/#website"},"primaryImageOfPage":{"@id":"https:\/\/www.kalina-gallery.cz\/vernisaz-vystavy-ondrash-kasparek-hladina-linie-dech\/#primaryimage"},"image":{"@id":"https:\/\/www.kalina-gallery.cz\/vernisaz-vystavy-ondrash-kasparek-hladina-linie-dech\/#primaryimage"},"thumbnailUrl":"https:\/\/www.kalina-gallery.cz\/wp-content\/uploads\/2025\/03\/Snimek-obrazovky-2025-03-18-140105.jpg","datePublished":"2025-03-18T13:28:13+00:00","dateModified":"2025-09-23T12:10:36+00:00","breadcrumb":{"@id":"https:\/\/www.kalina-gallery.cz\/vernisaz-vystavy-ondrash-kasparek-hladina-linie-dech\/#breadcrumb"},"inLanguage":"en-US","potentialAction":[{"@type":"ReadAction","target":["https:\/\/www.kalina-gallery.cz\/vernisaz-vystavy-ondrash-kasparek-hladina-linie-dech\/"]}]},{"@type":"ImageObject","inLanguage":"en-US","@id":"https:\/\/www.kalina-gallery.cz\/vernisaz-vystavy-ondrash-kasparek-hladina-linie-dech\/#primaryimage","url":"https:\/\/www.kalina-gallery.cz\/wp-content\/uploads\/2025\/03\/Snimek-obrazovky-2025-03-18-140105.jpg","contentUrl":"https:\/\/www.kalina-gallery.cz\/wp-content\/uploads\/2025\/03\/Snimek-obrazovky-2025-03-18-140105.jpg","width":1714,"height":1173},{"@type":"BreadcrumbList","@id":"https:\/\/www.kalina-gallery.cz\/vernisaz-vystavy-ondrash-kasparek-hladina-linie-dech\/#breadcrumb","itemListElement":[{"@type":"ListItem","position":1,"name":"Dom\u016f","item":"https:\/\/www.kalina-gallery.cz\/"},{"@type":"ListItem","position":2,"name":"vernis\u00e1\u017e v\u00fdstavy Ondrash &#038; Ka\u0161p\u00e1rek &#8222;Hladina Linie Dech&#8220;"}]},{"@type":"WebSite","@id":"https:\/\/www.kalina-gallery.cz\/#website","url":"https:\/\/www.kalina-gallery.cz\/","name":"Kalina Gallery","description":"V\u00fdstavn\u00ed s\u00ed\u0148 v centru Brna","publisher":{"@id":"https:\/\/www.kalina-gallery.cz\/#organization"},"potentialAction":[{"@type":"SearchAction","target":{"@type":"EntryPoint","urlTemplate":"https:\/\/www.kalina-gallery.cz\/?s={search_term_string}"},"query-input":{"@type":"PropertyValueSpecification","valueRequired":true,"valueName":"search_term_string"}}],"inLanguage":"en-US"},{"@type":"Organization","@id":"https:\/\/www.kalina-gallery.cz\/#organization","name":"Kalina Gallery","url":"https:\/\/www.kalina-gallery.cz\/","logo":{"@type":"ImageObject","inLanguage":"en-US","@id":"https:\/\/www.kalina-gallery.cz\/#\/schema\/logo\/image\/","url":"https:\/\/www.kalina-gallery.cz\/wp-content\/uploads\/2021\/08\/cropped-k.png","contentUrl":"https:\/\/www.kalina-gallery.cz\/wp-content\/uploads\/2021\/08\/cropped-k.png","width":512,"height":512,"caption":"Kalina Gallery"},"image":{"@id":"https:\/\/www.kalina-gallery.cz\/#\/schema\/logo\/image\/"},"sameAs":["https:\/\/www.facebook.com\/Kalina-Gallery-240711577897794\/","https:\/\/www.instagram.com\/kalinagallery1\/"]},{"@type":"Person","@id":"https:\/\/www.kalina-gallery.cz\/#\/schema\/person\/5c2900c309d5cd63e8c9392a772d4bd8","name":"Kalina Gallery","image":{"@type":"ImageObject","inLanguage":"en-US","@id":"https:\/\/secure.gravatar.com\/avatar\/8ac2aab085acb6dfe7e2e8d9d506c2672481bd13654d1e793cc1a029ee7a5460?s=96&d=mm&r=g","url":"https:\/\/secure.gravatar.com\/avatar\/8ac2aab085acb6dfe7e2e8d9d506c2672481bd13654d1e793cc1a029ee7a5460?s=96&d=mm&r=g","contentUrl":"https:\/\/secure.gravatar.com\/avatar\/8ac2aab085acb6dfe7e2e8d9d506c2672481bd13654d1e793cc1a029ee7a5460?s=96&d=mm&r=g","caption":"Kalina Gallery"}}]}},"_links":{"self":[{"href":"https:\/\/www.kalina-gallery.cz\/en\/wp-json\/wp\/v2\/posts\/17821","targetHints":{"allow":["GET"]}}],"collection":[{"href":"https:\/\/www.kalina-gallery.cz\/en\/wp-json\/wp\/v2\/posts"}],"about":[{"href":"https:\/\/www.kalina-gallery.cz\/en\/wp-json\/wp\/v2\/types\/post"}],"author":[{"embeddable":true,"href":"https:\/\/www.kalina-gallery.cz\/en\/wp-json\/wp\/v2\/users\/2"}],"replies":[{"embeddable":true,"href":"https:\/\/www.kalina-gallery.cz\/en\/wp-json\/wp\/v2\/comments?post=17821"}],"version-history":[{"count":0,"href":"https:\/\/www.kalina-gallery.cz\/en\/wp-json\/wp\/v2\/posts\/17821\/revisions"}],"wp:featuredmedia":[{"embeddable":true,"href":"https:\/\/www.kalina-gallery.cz\/en\/wp-json\/wp\/v2\/media\/17822"}],"wp:attachment":[{"href":"https:\/\/www.kalina-gallery.cz\/en\/wp-json\/wp\/v2\/media?parent=17821"}],"wp:term":[{"taxonomy":"category","embeddable":true,"href":"https:\/\/www.kalina-gallery.cz\/en\/wp-json\/wp\/v2\/categories?post=17821"},{"taxonomy":"post_tag","embeddable":true,"href":"https:\/\/www.kalina-gallery.cz\/en\/wp-json\/wp\/v2\/tags?post=17821"}],"curies":[{"name":"wp","href":"https:\/\/api.w.org\/{rel}","templated":true}]}}